{"id":2194,"date":"2019-02-12T17:01:34","date_gmt":"2019-02-12T15:01:34","guid":{"rendered":"http:\/\/marcsfirma.com\/new\/?p=2194"},"modified":"2021-03-17T14:00:23","modified_gmt":"2021-03-17T13:00:23","slug":"eric-wrede-der-berliner-bestatter-und-bestseller-autor-setzt-ab-maerz-seine-erfolgreiche-lesereise-fort","status":"publish","type":"post","link":"http:\/\/marcsfirma.com\/21\/2019\/02\/12\/eric-wrede-der-berliner-bestatter-und-bestseller-autor-setzt-ab-maerz-seine-erfolgreiche-lesereise-fort\/","title":{"rendered":"ERIC WREDE: Der Berliner Bestatter und Bestseller Autor setzt ab M\u00e4rz seine erfolgreiche Lesereise fort"},"content":{"rendered":"<p>Der Berliner Bestatter und Erfolgsautor, <strong>Eric Wrede<\/strong>, ver\u00f6ffentlichte letztes Jahr im Oktober sein erstes Buch: <strong>The End &#8211; Das Buch vom Tod<\/strong>, das sofort auf die Bestseller Listen gelangte. Klar, dass es zum Buch auch eine Lesereise geben muss.<\/p>\n<p>Nach einer erfolgreichen ersten Tour Ende 2018 durch ganz Deutschland, folgt <strong>ab 22. M\u00e4rz<\/strong> die zweite nach <strong>Hannover, M\u00fcnchen, Trier, K\u00f6ln, Offenbach, Rostock und Dresden<\/strong>. Wo er einige Anekdoten des Bestatterlebens zum Besten geben und gemeinsam mit G\u00e4sten Gespr\u00e4che \u00fcber den Tod und das Leben f\u00fchren wird.<\/p>\n<p><strong>Tourdates<\/strong><br \/>\n22.03.19 Hannover Kulturzentrum Pavillon<br \/>\n23.03.19 M\u00fcnchen Einstein Kultur<br \/>\n24.03.19 Trier Tuchfabrik Trier e.V.<br \/>\n26.03.19 K\u00f6ln artheater K\u00f6ln<br \/>\n27.03.19 Offenbach\/Main Hafen 2<br \/>\n29.03.19 Rostock Helga&#8217;s Stadtpalast<br \/>\n31.03.19 Dresden Filmtheater Schauburg<\/p>\n<p>Jetzt Tickets sichern: <strong><a href=\"https:\/\/www.eventim.de\/tickets.html?affiliate=EVE&amp;doc=artistPages%2Ftickets&amp;fun=artist&amp;action=tickets&amp;erid=2268892&amp;includeOnlybookable=true&amp;xtmc=eric_wrede&amp;xtnp=1&amp;xtcr=1\" target=\"_blank\" rel=\"noopener noreferrer\">HIER<\/a><\/strong><\/p>\n","protected":false},"excerpt":{"rendered":"<p>Der Berliner Bestatter und Erfolgsautor, Eric Wrede, ver\u00f6ffentlichte letztes Jahr im Oktober sein erstes Buch: The End &#8211; Das Buch vom Tod, das sofort auf die Bestseller Listen gelangte. Klar, dass es zum Buch auch eine Lesereise geben muss. Nach einer erfolgreichen ersten Tour Ende 2018 durch ganz Deutschland, folgt ab 22. M\u00e4rz die zweite [&hellip;]<\/p>\n","protected":false},"author":4,"featured_media":2152,"comment_status":"open","ping_status":"open","sticky":false,"template":"","format":"aside","meta":{"footnotes":""},"categories":[6],"tags":[],"class_list":["post-2194","post","type-post","status-publish","format-aside","has-post-thumbnail","hentry","category-marcsnews","post_format-post-format-aside"],"yoast_head":"<!-- This site is optimized with the Yoast SEO plugin v27.4 - https:\/\/yoast.com\/product\/yoast-seo-wordpress\/ -->\n<title>ERIC WREDE: Der Berliner Bestatter und Bestseller Autor setzt ab M\u00e4rz seine erfolgreiche Lesereise fort - marcsfirma<\/title>\n<meta name=\"robots\" content=\"index, follow, max-snippet:-1, max-image-preview:large, max-video-preview:-1\" \/>\n<link rel=\"canonical\" href=\"http:\/\/marcsfirma.com\/21\/2019\/02\/12\/eric-wrede-der-berliner-bestatter-und-bestseller-autor-setzt-ab-maerz-seine-erfolgreiche-lesereise-fort\/\" \/>\n<meta property=\"og:locale\" content=\"de_DE\" \/>\n<meta property=\"og:type\" content=\"article\" \/>\n<meta property=\"og:title\" content=\"ERIC WREDE: Der Berliner Bestatter und Bestseller Autor setzt ab M\u00e4rz seine erfolgreiche Lesereise fort - marcsfirma\" \/>\n<meta property=\"og:description\" content=\"Der Berliner Bestatter und Erfolgsautor, Eric Wrede, ver\u00f6ffentlichte letztes Jahr im Oktober sein erstes Buch: The End &#8211; Das Buch vom Tod, das sofort auf die Bestseller Listen gelangte. Klar, dass es zum Buch auch eine Lesereise geben muss. Nach einer erfolgreichen ersten Tour Ende 2018 durch ganz Deutschland, folgt ab 22. M\u00e4rz die zweite [&hellip;]\" \/>\n<meta property=\"og:url\" content=\"http:\/\/marcsfirma.com\/21\/2019\/02\/12\/eric-wrede-der-berliner-bestatter-und-bestseller-autor-setzt-ab-maerz-seine-erfolgreiche-lesereise-fort\/\" \/>\n<meta property=\"og:site_name\" content=\"marcsfirma\" \/>\n<meta property=\"article:published_time\" content=\"2019-02-12T15:01:34+00:00\" \/>\n<meta property=\"article:modified_time\" content=\"2021-03-17T13:00:23+00:00\" \/>\n<meta property=\"og:image\" content=\"https:\/\/marcsfirma.com\/21\/wp-content\/uploads\/2019\/02\/EricWrede_byDanielRensing-1030x1030.jpg\" \/>\n\t<meta property=\"og:image:width\" content=\"1030\" \/>\n\t<meta property=\"og:image:height\" content=\"1030\" \/>\n\t<meta property=\"og:image:type\" content=\"image\/jpeg\" \/>\n<meta name=\"author\" content=\"Marc\" \/>\n<meta name=\"twitter:card\" content=\"summary_large_image\" \/>\n<meta name=\"twitter:label1\" content=\"Verfasst von\" \/>\n\t<meta name=\"twitter:data1\" content=\"Marc\" \/>\n\t<meta name=\"twitter:label2\" content=\"Gesch\u00e4tzte Lesezeit\" \/>\n\t<meta name=\"twitter:data2\" content=\"1\u00a0Minute\" \/>\n<script type=\"application\/ld+json\" class=\"yoast-schema-graph\">{\"@context\":\"https:\\\/\\\/schema.org\",\"@graph\":[{\"@type\":\"Article\",\"@id\":\"http:\\\/\\\/marcsfirma.com\\\/21\\\/2019\\\/02\\\/12\\\/eric-wrede-der-berliner-bestatter-und-bestseller-autor-setzt-ab-maerz-seine-erfolgreiche-lesereise-fort\\\/#article\",\"isPartOf\":{\"@id\":\"http:\\\/\\\/marcsfirma.com\\\/21\\\/2019\\\/02\\\/12\\\/eric-wrede-der-berliner-bestatter-und-bestseller-autor-setzt-ab-maerz-seine-erfolgreiche-lesereise-fort\\\/\"},\"author\":{\"name\":\"Marc\",\"@id\":\"https:\\\/\\\/marcsfirma.com\\\/21\\\/#\\\/schema\\\/person\\\/af3ed22b6a5ef17dc3fc62b2dc39c1c6\"},\"headline\":\"ERIC WREDE: Der Berliner Bestatter und Bestseller Autor setzt ab M\u00e4rz seine erfolgreiche Lesereise fort\",\"datePublished\":\"2019-02-12T15:01:34+00:00\",\"dateModified\":\"2021-03-17T13:00:23+00:00\",\"mainEntityOfPage\":{\"@id\":\"http:\\\/\\\/marcsfirma.com\\\/21\\\/2019\\\/02\\\/12\\\/eric-wrede-der-berliner-bestatter-und-bestseller-autor-setzt-ab-maerz-seine-erfolgreiche-lesereise-fort\\\/\"},\"wordCount\":138,\"commentCount\":0,\"image\":{\"@id\":\"http:\\\/\\\/marcsfirma.com\\\/21\\\/2019\\\/02\\\/12\\\/eric-wrede-der-berliner-bestatter-und-bestseller-autor-setzt-ab-maerz-seine-erfolgreiche-lesereise-fort\\\/#primaryimage\"},\"thumbnailUrl\":\"https:\\\/\\\/marcsfirma.com\\\/21\\\/wp-content\\\/uploads\\\/2019\\\/02\\\/EricWrede_byDanielRensing-scaled.jpg\",\"articleSection\":[\"Marcsnews\"],\"inLanguage\":\"de\",\"potentialAction\":[{\"@type\":\"CommentAction\",\"name\":\"Comment\",\"target\":[\"http:\\\/\\\/marcsfirma.com\\\/21\\\/2019\\\/02\\\/12\\\/eric-wrede-der-berliner-bestatter-und-bestseller-autor-setzt-ab-maerz-seine-erfolgreiche-lesereise-fort\\\/#respond\"]}]},{\"@type\":\"WebPage\",\"@id\":\"http:\\\/\\\/marcsfirma.com\\\/21\\\/2019\\\/02\\\/12\\\/eric-wrede-der-berliner-bestatter-und-bestseller-autor-setzt-ab-maerz-seine-erfolgreiche-lesereise-fort\\\/\",\"url\":\"http:\\\/\\\/marcsfirma.com\\\/21\\\/2019\\\/02\\\/12\\\/eric-wrede-der-berliner-bestatter-und-bestseller-autor-setzt-ab-maerz-seine-erfolgreiche-lesereise-fort\\\/\",\"name\":\"ERIC WREDE: Der Berliner Bestatter und Bestseller Autor setzt ab M\u00e4rz seine erfolgreiche Lesereise fort - marcsfirma\",\"isPartOf\":{\"@id\":\"https:\\\/\\\/marcsfirma.com\\\/21\\\/#website\"},\"primaryImageOfPage\":{\"@id\":\"http:\\\/\\\/marcsfirma.com\\\/21\\\/2019\\\/02\\\/12\\\/eric-wrede-der-berliner-bestatter-und-bestseller-autor-setzt-ab-maerz-seine-erfolgreiche-lesereise-fort\\\/#primaryimage\"},\"image\":{\"@id\":\"http:\\\/\\\/marcsfirma.com\\\/21\\\/2019\\\/02\\\/12\\\/eric-wrede-der-berliner-bestatter-und-bestseller-autor-setzt-ab-maerz-seine-erfolgreiche-lesereise-fort\\\/#primaryimage\"},\"thumbnailUrl\":\"https:\\\/\\\/marcsfirma.com\\\/21\\\/wp-content\\\/uploads\\\/2019\\\/02\\\/EricWrede_byDanielRensing-scaled.jpg\",\"datePublished\":\"2019-02-12T15:01:34+00:00\",\"dateModified\":\"2021-03-17T13:00:23+00:00\",\"author\":{\"@id\":\"https:\\\/\\\/marcsfirma.com\\\/21\\\/#\\\/schema\\\/person\\\/af3ed22b6a5ef17dc3fc62b2dc39c1c6\"},\"breadcrumb\":{\"@id\":\"http:\\\/\\\/marcsfirma.com\\\/21\\\/2019\\\/02\\\/12\\\/eric-wrede-der-berliner-bestatter-und-bestseller-autor-setzt-ab-maerz-seine-erfolgreiche-lesereise-fort\\\/#breadcrumb\"},\"inLanguage\":\"de\",\"potentialAction\":[{\"@type\":\"ReadAction\",\"target\":[\"http:\\\/\\\/marcsfirma.com\\\/21\\\/2019\\\/02\\\/12\\\/eric-wrede-der-berliner-bestatter-und-bestseller-autor-setzt-ab-maerz-seine-erfolgreiche-lesereise-fort\\\/\"]}]},{\"@type\":\"ImageObject\",\"inLanguage\":\"de\",\"@id\":\"http:\\\/\\\/marcsfirma.com\\\/21\\\/2019\\\/02\\\/12\\\/eric-wrede-der-berliner-bestatter-und-bestseller-autor-setzt-ab-maerz-seine-erfolgreiche-lesereise-fort\\\/#primaryimage\",\"url\":\"https:\\\/\\\/marcsfirma.com\\\/21\\\/wp-content\\\/uploads\\\/2019\\\/02\\\/EricWrede_byDanielRensing-scaled.jpg\",\"contentUrl\":\"https:\\\/\\\/marcsfirma.com\\\/21\\\/wp-content\\\/uploads\\\/2019\\\/02\\\/EricWrede_byDanielRensing-scaled.jpg\",\"width\":2560,\"height\":2560},{\"@type\":\"BreadcrumbList\",\"@id\":\"http:\\\/\\\/marcsfirma.com\\\/21\\\/2019\\\/02\\\/12\\\/eric-wrede-der-berliner-bestatter-und-bestseller-autor-setzt-ab-maerz-seine-erfolgreiche-lesereise-fort\\\/#breadcrumb\",\"itemListElement\":[{\"@type\":\"ListItem\",\"position\":1,\"name\":\"Startseite\",\"item\":\"http:\\\/\\\/marcsfirma.com\\\/21\\\/news\\\/\"},{\"@type\":\"ListItem\",\"position\":2,\"name\":\"ERIC WREDE: Der Berliner Bestatter und Bestseller Autor setzt ab M\u00e4rz seine erfolgreiche Lesereise fort\"}]},{\"@type\":\"WebSite\",\"@id\":\"https:\\\/\\\/marcsfirma.com\\\/21\\\/#website\",\"url\":\"https:\\\/\\\/marcsfirma.com\\\/21\\\/\",\"name\":\"marcsfirma\",\"description\":\"\",\"potentialAction\":[{\"@type\":\"SearchAction\",\"target\":{\"@type\":\"EntryPoint\",\"urlTemplate\":\"https:\\\/\\\/marcsfirma.com\\\/21\\\/?s={search_term_string}\"},\"query-input\":{\"@type\":\"PropertyValueSpecification\",\"valueRequired\":true,\"valueName\":\"search_term_string\"}}],\"inLanguage\":\"de\"},{\"@type\":\"Person\",\"@id\":\"https:\\\/\\\/marcsfirma.com\\\/21\\\/#\\\/schema\\\/person\\\/af3ed22b6a5ef17dc3fc62b2dc39c1c6\",\"name\":\"Marc\",\"image\":{\"@type\":\"ImageObject\",\"inLanguage\":\"de\",\"@id\":\"https:\\\/\\\/secure.gravatar.com\\\/avatar\\\/1be00da7f59779656dc84d2a07487e9072c38fb7584ae2741ca5734c66b9d53e?s=96&d=mm&r=g\",\"url\":\"https:\\\/\\\/secure.gravatar.com\\\/avatar\\\/1be00da7f59779656dc84d2a07487e9072c38fb7584ae2741ca5734c66b9d53e?s=96&d=mm&r=g\",\"contentUrl\":\"https:\\\/\\\/secure.gravatar.com\\\/avatar\\\/1be00da7f59779656dc84d2a07487e9072c38fb7584ae2741ca5734c66b9d53e?s=96&d=mm&r=g\",\"caption\":\"Marc\"},\"url\":\"https:\\\/\\\/marcsfirma.com\\\/21\\\/author\\\/marc\\\/\"}]}<\/script>\n<!-- \/ Yoast SEO plugin. -->","yoast_head_json":{"title":"ERIC WREDE: Der Berliner Bestatter und Bestseller Autor setzt ab M\u00e4rz seine erfolgreiche Lesereise fort - marcsfirma","robots":{"index":"index","follow":"follow","max-snippet":"max-snippet:-1","max-image-preview":"max-image-preview:large","max-video-preview":"max-video-preview:-1"},"canonical":"http:\/\/marcsfirma.com\/21\/2019\/02\/12\/eric-wrede-der-berliner-bestatter-und-bestseller-autor-setzt-ab-maerz-seine-erfolgreiche-lesereise-fort\/","og_locale":"de_DE","og_type":"article","og_title":"ERIC WREDE: Der Berliner Bestatter und Bestseller Autor setzt ab M\u00e4rz seine erfolgreiche Lesereise fort - marcsfirma","og_description":"Der Berliner Bestatter und Erfolgsautor, Eric Wrede, ver\u00f6ffentlichte letztes Jahr im Oktober sein erstes Buch: The End &#8211; Das Buch vom Tod, das sofort auf die Bestseller Listen gelangte. Klar, dass es zum Buch auch eine Lesereise geben muss. Nach einer erfolgreichen ersten Tour Ende 2018 durch ganz Deutschland, folgt ab 22. M\u00e4rz die zweite [&hellip;]","og_url":"http:\/\/marcsfirma.com\/21\/2019\/02\/12\/eric-wrede-der-berliner-bestatter-und-bestseller-autor-setzt-ab-maerz-seine-erfolgreiche-lesereise-fort\/","og_site_name":"marcsfirma","article_published_time":"2019-02-12T15:01:34+00:00","article_modified_time":"2021-03-17T13:00:23+00:00","og_image":[{"width":1030,"height":1030,"url":"https:\/\/marcsfirma.com\/21\/wp-content\/uploads\/2019\/02\/EricWrede_byDanielRensing-1030x1030.jpg","type":"image\/jpeg"}],"author":"Marc","twitter_card":"summary_large_image","twitter_misc":{"Verfasst von":"Marc","Gesch\u00e4tzte Lesezeit":"1\u00a0Minute"},"schema":{"@context":"https:\/\/schema.org","@graph":[{"@type":"Article","@id":"http:\/\/marcsfirma.com\/21\/2019\/02\/12\/eric-wrede-der-berliner-bestatter-und-bestseller-autor-setzt-ab-maerz-seine-erfolgreiche-lesereise-fort\/#article","isPartOf":{"@id":"http:\/\/marcsfirma.com\/21\/2019\/02\/12\/eric-wrede-der-berliner-bestatter-und-bestseller-autor-setzt-ab-maerz-seine-erfolgreiche-lesereise-fort\/"},"author":{"name":"Marc","@id":"https:\/\/marcsfirma.com\/21\/#\/schema\/person\/af3ed22b6a5ef17dc3fc62b2dc39c1c6"},"headline":"ERIC WREDE: Der Berliner Bestatter und Bestseller Autor setzt ab M\u00e4rz seine erfolgreiche Lesereise fort","datePublished":"2019-02-12T15:01:34+00:00","dateModified":"2021-03-17T13:00:23+00:00","mainEntityOfPage":{"@id":"http:\/\/marcsfirma.com\/21\/2019\/02\/12\/eric-wrede-der-berliner-bestatter-und-bestseller-autor-setzt-ab-maerz-seine-erfolgreiche-lesereise-fort\/"},"wordCount":138,"commentCount":0,"image":{"@id":"http:\/\/marcsfirma.com\/21\/2019\/02\/12\/eric-wrede-der-berliner-bestatter-und-bestseller-autor-setzt-ab-maerz-seine-erfolgreiche-lesereise-fort\/#primaryimage"},"thumbnailUrl":"https:\/\/marcsfirma.com\/21\/wp-content\/uploads\/2019\/02\/EricWrede_byDanielRensing-scaled.jpg","articleSection":["Marcsnews"],"inLanguage":"de","potentialAction":[{"@type":"CommentAction","name":"Comment","target":["http:\/\/marcsfirma.com\/21\/2019\/02\/12\/eric-wrede-der-berliner-bestatter-und-bestseller-autor-setzt-ab-maerz-seine-erfolgreiche-lesereise-fort\/#respond"]}]},{"@type":"WebPage","@id":"http:\/\/marcsfirma.com\/21\/2019\/02\/12\/eric-wrede-der-berliner-bestatter-und-bestseller-autor-setzt-ab-maerz-seine-erfolgreiche-lesereise-fort\/","url":"http:\/\/marcsfirma.com\/21\/2019\/02\/12\/eric-wrede-der-berliner-bestatter-und-bestseller-autor-setzt-ab-maerz-seine-erfolgreiche-lesereise-fort\/","name":"ERIC WREDE: Der Berliner Bestatter und Bestseller Autor setzt ab M\u00e4rz seine erfolgreiche Lesereise fort - marcsfirma","isPartOf":{"@id":"https:\/\/marcsfirma.com\/21\/#website"},"primaryImageOfPage":{"@id":"http:\/\/marcsfirma.com\/21\/2019\/02\/12\/eric-wrede-der-berliner-bestatter-und-bestseller-autor-setzt-ab-maerz-seine-erfolgreiche-lesereise-fort\/#primaryimage"},"image":{"@id":"http:\/\/marcsfirma.com\/21\/2019\/02\/12\/eric-wrede-der-berliner-bestatter-und-bestseller-autor-setzt-ab-maerz-seine-erfolgreiche-lesereise-fort\/#primaryimage"},"thumbnailUrl":"https:\/\/marcsfirma.com\/21\/wp-content\/uploads\/2019\/02\/EricWrede_byDanielRensing-scaled.jpg","datePublished":"2019-02-12T15:01:34+00:00","dateModified":"2021-03-17T13:00:23+00:00","author":{"@id":"https:\/\/marcsfirma.com\/21\/#\/schema\/person\/af3ed22b6a5ef17dc3fc62b2dc39c1c6"},"breadcrumb":{"@id":"http:\/\/marcsfirma.com\/21\/2019\/02\/12\/eric-wrede-der-berliner-bestatter-und-bestseller-autor-setzt-ab-maerz-seine-erfolgreiche-lesereise-fort\/#breadcrumb"},"inLanguage":"de","potentialAction":[{"@type":"ReadAction","target":["http:\/\/marcsfirma.com\/21\/2019\/02\/12\/eric-wrede-der-berliner-bestatter-und-bestseller-autor-setzt-ab-maerz-seine-erfolgreiche-lesereise-fort\/"]}]},{"@type":"ImageObject","inLanguage":"de","@id":"http:\/\/marcsfirma.com\/21\/2019\/02\/12\/eric-wrede-der-berliner-bestatter-und-bestseller-autor-setzt-ab-maerz-seine-erfolgreiche-lesereise-fort\/#primaryimage","url":"https:\/\/marcsfirma.com\/21\/wp-content\/uploads\/2019\/02\/EricWrede_byDanielRensing-scaled.jpg","contentUrl":"https:\/\/marcsfirma.com\/21\/wp-content\/uploads\/2019\/02\/EricWrede_byDanielRensing-scaled.jpg","width":2560,"height":2560},{"@type":"BreadcrumbList","@id":"http:\/\/marcsfirma.com\/21\/2019\/02\/12\/eric-wrede-der-berliner-bestatter-und-bestseller-autor-setzt-ab-maerz-seine-erfolgreiche-lesereise-fort\/#breadcrumb","itemListElement":[{"@type":"ListItem","position":1,"name":"Startseite","item":"http:\/\/marcsfirma.com\/21\/news\/"},{"@type":"ListItem","position":2,"name":"ERIC WREDE: Der Berliner Bestatter und Bestseller Autor setzt ab M\u00e4rz seine erfolgreiche Lesereise fort"}]},{"@type":"WebSite","@id":"https:\/\/marcsfirma.com\/21\/#website","url":"https:\/\/marcsfirma.com\/21\/","name":"marcsfirma","description":"","potentialAction":[{"@type":"SearchAction","target":{"@type":"EntryPoint","urlTemplate":"https:\/\/marcsfirma.com\/21\/?s={search_term_string}"},"query-input":{"@type":"PropertyValueSpecification","valueRequired":true,"valueName":"search_term_string"}}],"inLanguage":"de"},{"@type":"Person","@id":"https:\/\/marcsfirma.com\/21\/#\/schema\/person\/af3ed22b6a5ef17dc3fc62b2dc39c1c6","name":"Marc","image":{"@type":"ImageObject","inLanguage":"de","@id":"https:\/\/secure.gravatar.com\/avatar\/1be00da7f59779656dc84d2a07487e9072c38fb7584ae2741ca5734c66b9d53e?s=96&d=mm&r=g","url":"https:\/\/secure.gravatar.com\/avatar\/1be00da7f59779656dc84d2a07487e9072c38fb7584ae2741ca5734c66b9d53e?s=96&d=mm&r=g","contentUrl":"https:\/\/secure.gravatar.com\/avatar\/1be00da7f59779656dc84d2a07487e9072c38fb7584ae2741ca5734c66b9d53e?s=96&d=mm&r=g","caption":"Marc"},"url":"https:\/\/marcsfirma.com\/21\/author\/marc\/"}]}},"_links":{"self":[{"href":"https:\/\/marcsfirma.com\/21\/wp-json\/wp\/v2\/posts\/2194","targetHints":{"allow":["GET"]}}],"collection":[{"href":"https:\/\/marcsfirma.com\/21\/wp-json\/wp\/v2\/posts"}],"about":[{"href":"https:\/\/marcsfirma.com\/21\/wp-json\/wp\/v2\/types\/post"}],"author":[{"embeddable":true,"href":"https:\/\/marcsfirma.com\/21\/wp-json\/wp\/v2\/users\/4"}],"replies":[{"embeddable":true,"href":"https:\/\/marcsfirma.com\/21\/wp-json\/wp\/v2\/comments?post=2194"}],"version-history":[{"count":4,"href":"https:\/\/marcsfirma.com\/21\/wp-json\/wp\/v2\/posts\/2194\/revisions"}],"predecessor-version":[{"id":3095,"href":"https:\/\/marcsfirma.com\/21\/wp-json\/wp\/v2\/posts\/2194\/revisions\/3095"}],"wp:featuredmedia":[{"embeddable":true,"href":"https:\/\/marcsfirma.com\/21\/wp-json\/wp\/v2\/media\/2152"}],"wp:attachment":[{"href":"https:\/\/marcsfirma.com\/21\/wp-json\/wp\/v2\/media?parent=2194"}],"wp:term":[{"taxonomy":"category","embeddable":true,"href":"https:\/\/marcsfirma.com\/21\/wp-json\/wp\/v2\/categories?post=2194"},{"taxonomy":"post_tag","embeddable":true,"href":"https:\/\/marcsfirma.com\/21\/wp-json\/wp\/v2\/tags?post=2194"}],"curies":[{"name":"wp","href":"https:\/\/api.w.org\/{rel}","templated":true}]}}